{"id":2272,"date":"2021-04-26T16:38:17","date_gmt":"2021-04-26T14:38:17","guid":{"rendered":"https:\/\/www.vasalat.com\/?p=2272"},"modified":"2026-07-08T11:16:54","modified_gmt":"2026-07-08T09:16:54","slug":"ordnung-in-der-werkstatt","status":"publish","type":"post","link":"https:\/\/www.vasalat.com\/de\/blog\/ordnung-in-der-werkstatt\/","title":{"rendered":"Werkstatt organisieren: Tipps f\u00fcr Ordnung in der Werkstatt"},"content":{"rendered":"\n<p class=\"wp-block-paragraph\">Top motiviert f\u00fcr neue Projekte aber deine Werkstatt versinkt im Chaos? Du kannst nicht mit deinem Vorhaben starten weil du einfach schonwieder nicht die richtigen Teile findest? Dann ist es bestimmt Zeit, Ordnung in deine Werkstatt zu bringen! Wir zeigen dir, wie du nicht nur Ordnung in deine Werkstatt bringst, sondern diese Ordnung auch beibeh\u00e4ltst.<\/p>\n\n\n\n<div style=\"height:50px\" aria-hidden=\"true\" class=\"wp-block-spacer\"><\/div>\n\n\n\n<h2 class=\"wp-block-heading\">Tipps und Tricks f\u00fcr mehr Ordnung in der Werkstatt<\/h2>\n\n\n\n<p class=\"wp-block-paragraph\">Eine gut organisierte Werkstatt spart nicht nur Zeit, sondern macht jedes Projekt angenehmer und sicherer. Wer seine Werkstatt organisieren m\u00f6chte, sollte nicht einfach nur Regale aufstellen oder Werkzeug in Kisten verstauen. Entscheidend ist ein durchdachtes Ordnungssystem f\u00fcr die Werkstatt, das zu den eigenen Arbeitsabl\u00e4ufen passt. Ob Hobby-Handwerker oder ambitionierter Heimwerker \u2013 mit festen Pl\u00e4tzen f\u00fcr Werkzeug, Schrauben und Maschinen beh\u00e4ltst du den \u00dcberblick und findest alles sofort wieder.<\/p>\n\n\n\n<p class=\"wp-block-paragraph\">In diesem Ratgeber zeigen wir dir, wie du Ordnung in der Werkstatt schaffst, welche Aufbewahrungsl\u00f6sungen sich bew\u00e4hrt haben und mit welchen einfachen Ma\u00dfnahmen deine Werkstatt dauerhaft ordentlich bleibt.<\/p>\n\n\n\n<div style=\"height:50px\" aria-hidden=\"true\" class=\"wp-block-spacer\"><\/div>\n\n\n\n<h2 class=\"wp-block-heading\">Werkstatt ausmisten und aufr\u00e4umen: Tipps f\u00fcr die richtige Vorbereitung<\/h2>\n\n\n\n<p class=\"wp-block-paragraph\">Bevor du dich an ein neues Ordnungssystem machen kannst musst du erst noch etwas (ungeliebte) Vorarbeit leisten. Zu allererst hei\u00dft es die Werkstatt auf Vordermann bringen: M\u00fcll und unbrauchbare Dinge entsorgen und alles, das schon einen passenden Platz hat, verstauen. Im Laufe der Zeit sammeln sich oft defekte Werkzeuge, doppelte Schraubenschl\u00fcssel, leere Verpackungen oder Materialreste an, die nur wertvollen Platz wegnehmen. Nimm dir deshalb jedes Regal, jede Schublade und jede Kiste einzeln vor und entscheide konsequent: <strong>Behalten, reparieren, entsorgen oder verschenken.<\/strong><\/p>\n\n\n\n<p class=\"wp-block-paragraph\">Defekte oder nicht mehr ben\u00f6tigte Werkzeuge k\u00f6nnen aussortiert werden, w\u00e4hrend gut erhaltene Ger\u00e4te oft noch einen neuen Besitzer finden. Verbrauchsmaterialien wie Schrauben, D\u00fcbel oder Schleifpapier solltest du gleichzeitig auf Vollst\u00e4ndigkeit pr\u00fcfen und ordentlich sortieren. Weniger Ballast bedeutet nicht nur mehr Platz, sondern sorgt auch daf\u00fcr, dass du deine Werkzeuge schneller findest und effizienter arbeiten kannst.<\/p>\n\n\n\n<p class=\"wp-block-paragraph\">Anschlie\u00dfend solltest du deine gesamte Werkstatt sauber machen: Ger\u00e4te abwischen, Werkbank und Boden aufkehren. Schlussendlich wirst du es dir danken, versprochen. Hast du viele Kleinteile wie beispielsweise Schrauben, welche nicht perfekt sortiert sind, ist es jetzt an der Zeit diese penibel zu sortieren.<\/p>\n\n\n\n<div style=\"height:50px\" aria-hidden=\"true\" class=\"wp-block-spacer\"><\/div>\n\n\n\n<h2 class=\"wp-block-heading\">Werkstatt nach Arbeitsbereichen organisieren<\/h2>\n\n\n\n<p class=\"wp-block-paragraph\">Bevor du Regale montierst oder neue Aufbewahrungsboxen kaufst, lohnt es sich, deine Werkstatt in verschiedene Arbeitsbereiche einzuteilen. So verk\u00fcrzt du Laufwege und hast alle ben\u00f6tigten Werkzeuge immer griffbereit.<\/p>\n\n\n\n<h3 class=\"wp-block-heading\">Sinnvolle Bereiche sind zum Beispiel:<\/h3>\n\n\n\n<ul class=\"wp-block-list\">\n<li>Holzbearbeitung<\/li>\n\n\n\n<li>Metallbearbeitung<\/li>\n\n\n\n<li>Elektrowerkzeuge<\/li>\n\n\n\n<li>Schrauben und Kleinteile<\/li>\n\n\n\n<li>Mess- und Pr\u00fcfwerkzeuge<\/li>\n\n\n\n<li>Farben, Lacke und Chemikalien<\/li>\n\n\n\n<li>Gartenwerkzeuge<\/li>\n<\/ul>\n\n\n\n<p class=\"wp-block-paragraph\">Jeder Bereich sollte \u00fcber einen festen Platz verf\u00fcgen. Dadurch f\u00e4llt das Aufr\u00e4umen nach jedem Projekt deutlich leichter.<\/p>\n\n\n\n<div style=\"height:50px\" aria-hidden=\"true\" class=\"wp-block-spacer\"><\/div>\n\n\n\n<h2 class=\"wp-block-heading\">Werkzeug richtig aufbewahren<\/h2>\n\n\n\n<p class=\"wp-block-paragraph\">Ein gutes Ordnungssystem sorgt daf\u00fcr, dass Werkzeuge nicht besch\u00e4digt werden und jederzeit griffbereit sind.<\/p>\n\n\n\n<h3 class=\"wp-block-heading\">Bew\u00e4hrte L\u00f6sungen sind:<\/h3>\n\n\n\n<ul class=\"wp-block-list\">\n<li>Werkzeugw\u00e4nde oder Lochplatten f\u00fcr h\u00e4ufig genutzte Werkzeuge<\/li>\n\n\n\n<li>Werkzeugkoffer f\u00fcr mobiles Arbeiten<\/li>\n\n\n\n<li>Schubladenschr\u00e4nke f\u00fcr Handwerkzeuge<\/li>\n\n\n\n<li>Sichtlagerk\u00e4sten f\u00fcr Schrauben, D\u00fcbel und Kleinteile<\/li>\n\n\n\n<li>Regalsysteme f\u00fcr Maschinen und Zubeh\u00f6r<\/li>\n\n\n\n<li>Beschriftete Boxen f\u00fcr selten ben\u00f6tigte Materialien<\/li>\n<\/ul>\n\n\n\n<p class=\"wp-block-paragraph\"><strong>Ein zus\u00e4tzlicher Tipp:<\/strong> Bewahre h\u00e4ufig genutzte Werkzeuge auf Augenh\u00f6he auf. Schwere Maschinen geh\u00f6ren dagegen in die unteren Regalf\u00e4cher.<\/p>\n\n\n\n<div style=\"height:50px\" aria-hidden=\"true\" class=\"wp-block-spacer\"><\/div>\n\n\n\n\t\t<\/div>\n\t<\/div>\n<\/div>\n\n<div class=\"box product-block\">\n\t<div class=\"container\">\n\n\t\t<h2 class=\"small-mobile-h2-font-size hyphenate\">Transportbeh\u00e4lter f\u00fcr lose Gegenst\u00e4nde<\/h2>\n\t\t<div class=\"row reduced-mobile-padding mt-2\">\n\t\t\t\n<div class=\"col-6 col-lg-3\">\n    <a class=\"product-teaser\" href=\"https:\/\/www.vasalat.com\/de\/shop\/allit-sichtlagerkasten-groesse-2\/\">\n        <div class=\"product-content\">\n            <div class=\"variation-mark\"><div>5<\/div>Artikel<\/div><img decoding=\"async\" src=\"https:\/\/vasalat-img.b-cdn.net\/derivates\/5\/135\/211\/DV005-ppic_Stapelbox_Gr_2_Blau_101140681_0.jpg?class=thumbnail\" alt=\"Produktbild f\u00fcr ALLIT Sichtlagerkasten Gr\u00f6\u00dfe 2\" width=\"400\" height=\"400\" loading=\"lazy\" \/>            <div class=\"product-info\">\n                <div class=\"info-container\">\n                    <h3>ALLIT Sichtlagerkasten Gr\u00f6\u00dfe 2<\/h3>\n                    <p>\n                        ProfiPlus Stapelsichtboxen in Industriequalit\u00e4t mit hoher Belastbarkeit und Best\u00e4ndigkeitSichere Stapelung durch umlaufenden Stapelrand und durchgehende F\u00fchrungsschieneGepr\u00fcfte Sicherheit mit T\u00dcV\/G&hellip;                    <\/p>\n                <\/div>\n                <div class=\"price-container\">\n                    <div class=\"price\">\n                        <span class=\"show-user-vat-exempt\">\n\t\t<span class=\"current-price\"><span class=\"woocommerce-Price-amount amount\"><bdi><span class=\"woocommerce-Price-currencySymbol\" translate=\"no\">&euro;<\/span>&nbsp;7,63<\/bdi><\/span><\/span>\n\t<\/span>\n\t<span class=\"hide-user-vat-exempt\">\n\t\t<span class=\"current-price\"><span class=\"woocommerce-Price-amount amount\"><bdi><span class=\"woocommerce-Price-currencySymbol\" translate=\"no\">&euro;<\/span>&nbsp;9,08<\/bdi><\/span><\/span>\n\t<\/span>                    <\/div>\n\n                    <i class=\"far fa-chevron-up\"><\/i>                <\/div>\n            <\/div>\n        <\/div>\n    <\/a>\n<\/div>\n\n<div class=\"col-6 col-lg-3\">\n    <a class=\"product-teaser\" href=\"https:\/\/www.vasalat.com\/de\/shop\/allit-sichtlagerkasten-groesse-3\/\">\n        <div class=\"product-content\">\n            <div class=\"variation-mark\"><div>5<\/div>Artikel<\/div><img decoding=\"async\" src=\"https:\/\/vasalat-img.b-cdn.net\/derivates\/5\/135\/506\/DV005-ppic_Stapelbox_Gr_3_Gruen_101108481_0.jpg?class=thumbnail\" alt=\"Produktbild f\u00fcr ALLIT Sichtlagerkasten Gr\u00f6\u00dfe 3\" width=\"400\" height=\"400\" loading=\"lazy\" \/>            <div class=\"product-info\">\n                <div class=\"info-container\">\n                    <h3>ALLIT Sichtlagerkasten Gr\u00f6\u00dfe 3<\/h3>\n                    <p>\n                        ProfiPlus Stapelsichtboxen in Industriequalit\u00e4t mit hoher Belastbarkeit und Best\u00e4ndigkeitSichere Stapelung durch umlaufenden Stapelrand und durchgehende F\u00fchrungsschieneGepr\u00fcfte Sicherheit mit T\u00dcV\/G&hellip;                    <\/p>\n                <\/div>\n                <div class=\"price-container\">\n                    <div class=\"price\">\n                        <span class=\"show-user-vat-exempt\">\n\t\t<span class=\"current-price\"><span class=\"woocommerce-Price-amount amount\"><bdi><span class=\"woocommerce-Price-currencySymbol\" translate=\"no\">&euro;<\/span>&nbsp;8,55<\/bdi><\/span><\/span>\n\t<\/span>\n\t<span class=\"hide-user-vat-exempt\">\n\t\t<span class=\"current-price\"><span class=\"woocommerce-Price-amount amount\"><bdi><span class=\"woocommerce-Price-currencySymbol\" translate=\"no\">&euro;<\/span>&nbsp;10,18<\/bdi><\/span><\/span>\n\t<\/span>                    <\/div>\n\n                    <i class=\"far fa-chevron-up\"><\/i>                <\/div>\n            <\/div>\n        <\/div>\n    <\/a>\n<\/div>\n\n<div class=\"col-6 col-lg-3\">\n    <a class=\"product-teaser\" href=\"https:\/\/www.vasalat.com\/de\/shop\/allit-sichtlagerkasten-gr-4h\/\">\n        <div class=\"product-content\">\n            <div class=\"variation-mark\"><div>5<\/div>Artikel<\/div><img decoding=\"async\" src=\"https:\/\/vasalat-img.b-cdn.net\/derivates\/5\/180\/813\/DV005-ppic_Allit_Sichtlagerkasten_Gr_4H_blau_456280_0.jpg?class=thumbnail\" alt=\"Produktbild f\u00fcr ALLIT Sichtlagerkasten Gr. 4H\" width=\"400\" height=\"400\" loading=\"lazy\" \/>            <div class=\"product-info\">\n                <div class=\"info-container\">\n                    <h3>ALLIT Sichtlagerkasten Gr. 4H<\/h3>\n                    <p>\n                        Hohe Belastbarkeit und Best\u00e4ndigkeit zeichnen dieses Sichtboxensystem besonders aus. Best\u00e4ndig gegen Harze, Laugen, Fette, \u00d6le usw. Werksnummer: 456280 Farbe: Blau H\u00f6he(mm): 200 Breite(mm): 205 Mar&hellip;                    <\/p>\n                <\/div>\n                <div class=\"price-container\">\n                    <div class=\"price\">\n                        <span class=\"show-user-vat-exempt\">\n\t\t<span class=\"current-price\"><span class=\"woocommerce-Price-amount amount\"><bdi><span class=\"woocommerce-Price-currencySymbol\" translate=\"no\">&euro;<\/span>&nbsp;13,71<\/bdi><\/span><\/span>\n\t<\/span>\n\t<span class=\"hide-user-vat-exempt\">\n\t\t<span class=\"current-price\"><span class=\"woocommerce-Price-amount amount\"><bdi><span class=\"woocommerce-Price-currencySymbol\" translate=\"no\">&euro;<\/span>&nbsp;16,32<\/bdi><\/span><\/span>\n\t<\/span>                    <\/div>\n\n                    <i class=\"far fa-chevron-up\"><\/i>                <\/div>\n            <\/div>\n        <\/div>\n    <\/a>\n<\/div>\n\n<div class=\"col-6 col-lg-3\">\n    <a class=\"product-teaser\" href=\"https:\/\/www.vasalat.com\/de\/shop\/vasalat-stapelboxen-100x102x60-gr-1-6x-sichtlagerkaesten-wandhalterung\/\">\n        <div class=\"product-content\">\n            <div class=\"variation-mark\"><div>5<\/div>Artikel<\/div><img decoding=\"async\" src=\"https:\/\/vasalat-img.b-cdn.net\/derivates\/5\/281\/DV005-ppic_sichtlagerkasten_gr1_einhaengeleiste_rot_118502260_0.jpg?class=thumbnail\" alt=\"Produktbild f\u00fcr vasalat Stapelboxen 100x102x60 Gr.1; 6x Sichtlagerk\u00e4sten + Wandhalterung\" width=\"400\" height=\"400\" loading=\"lazy\" \/>            <div class=\"product-info\">\n                <div class=\"info-container\">\n                    <h3>vasalat Stapelboxen 100x102x60 Gr.1; 6x Sichtlagerk\u00e4sten + Wandhalterung<\/h3>\n                    <p>\n                        SICHTLAGERKASTEN STAPELBAR: Unsere Stapelboxen eignen sich ideal zur \u00fcbersichtlichen und platzsparenden Aufbewahrung von Kleinteilen Werkzeugen oder Ersatzteilen in Werkstatt Garage oder LagerraumQ&hellip;                    <\/p>\n                <\/div>\n                <div class=\"price-container\">\n                    <div class=\"price\">\n                        <span class=\"show-user-vat-exempt\">\n\t\t<span class=\"current-price\"><span class=\"woocommerce-Price-amount amount\"><bdi><span class=\"woocommerce-Price-currencySymbol\" translate=\"no\">&euro;<\/span>&nbsp;15,89<\/bdi><\/span><\/span>\n\t<\/span>\n\t<span class=\"hide-user-vat-exempt\">\n\t\t<span class=\"current-price\"><span class=\"woocommerce-Price-amount amount\"><bdi><span class=\"woocommerce-Price-currencySymbol\" translate=\"no\">&euro;<\/span>&nbsp;18,91<\/bdi><\/span><\/span>\n\t<\/span>                    <\/div>\n\n                    <i class=\"far fa-chevron-up\"><\/i>                <\/div>\n            <\/div>\n        <\/div>\n    <\/a>\n<\/div>\n\t\t<\/div>\n\n\t<\/div>\n<\/div>\n\n<div class=\"container\">\n\t<div class=\"row justify-content-center block-content\">\n\t\t<div class=\"col-12\">\n\n\n\n<h2 class=\"wp-block-heading\">Schrauben und Kleinteile richtig aufbewahren<\/h2>\n\n\n\n<p class=\"wp-block-paragraph\">Den ersten Teil, der vielleicht auch der gef\u00fcrchtetste ist, hast du bereits geschafft! <\/p>\n\n\n\n<p class=\"wp-block-paragraph\">Schrauben, Muttern und Unterlegscheiben geh\u00f6ren zu den h\u00e4ufigsten Ursachen f\u00fcr Unordnung. F\u00fcr kleine Gegenst\u00e4nde wirst du nicht umher kommen, dir Boxen zu besorgen, um diese auch geordnet aufzubewahren. Wenn du deine kleinen Dinge bereits gut sortiert und einen \u00dcberblick \u00fcber die Menge davon hast, f\u00e4llt es dir leichter die richtige Anzahl an Boxen und Sch\u00fctten zu besorgen. Gerne zu viel als zu wenig Aufbewahrungsboxen kaufen, da im Laufe der Jahre noch Material hinzukommen kann.<\/p>\n\n\n\n<h3 class=\"wp-block-heading\">Damit du lange suchen musst, solltest du:<\/h3>\n\n\n\n<ul class=\"wp-block-list\">\n<li>Schrauben nach Gr\u00f6\u00dfe sortieren<\/li>\n\n\n\n<li>D\u00fcbel getrennt lagern<\/li>\n\n\n\n<li>Boxen eindeutig beschriften<\/li>\n\n\n\n<li>transparente Sichtlagerk\u00e4sten verwenden<\/li>\n\n\n\n<li>Sortimentsk\u00e4sten regelm\u00e4\u00dfig nachf\u00fcllen<\/li>\n<\/ul>\n\n\n\n<p class=\"wp-block-paragraph\">So findest du das passende Material innerhalb weniger Sekunden.<\/p>\n\n\n<\/div>\n\n<div class=\"col-12\">\n\t<div class=\"expert-tip-block\">\n\t\t<div class=\"tip-badge\">\n\t\t\t<i class=\"fas fa-thumbs-up\"><\/i> vasalat Tipp\t\t<\/div>\n\t\t<div class=\"row justify-content-center\">\n\t\t\t<div class=\"col-12 col-md-10 col-lg-8\">\n\t\t\t\t<h2>Werkzeuge richtig aufbewahren<\/h2>\n\t\t\t\t<p><p>Dinge, die oft ben\u00f6tigt werden (zum Beispiel bestimmte Schrauben), solltest du lieber in <a href=\"https:\/\/www.vasalat.com\/de\/shop\/?search=sichtlagerkasten\">Sichtlagerk\u00e4sten<\/a> als in geschlossenen Boxen aufbewahren, da du so eine Menge Zeit w\u00e4hrend deiner Projekte sparen kannst.<\/p>\n<\/p>\n\t\t\t<\/div>\n\t\t<\/div>\n\t<\/div>\n<\/div>\n\n<div class=\"col-12\">\n\n\n\n<h2 class=\"wp-block-heading\">Beschriftungen: Mehr Struktur und \u00dcbersicht in der Werkstatt<\/h2>\n\n\n\n<p class=\"wp-block-paragraph\">Deine Sch\u00fctten und Boxen solltest du anschlie\u00dfend gut beschriften, damit die Ordnung auch lange bleibt und sich keine falschen Teile in Boxen verirren. Empfehlenswert hierzu sind Beschriftungsger\u00e4te von Dymo, ein Kreppband zur Beschriftung reicht jedoch auch aus.<\/p>\n\n\n\n\t\t<\/div>\n\t<\/div>\n<\/div>\n\n<div class=\"box product-block\">\n\t<div class=\"container\">\n\n\t\t<h2 class=\"small-mobile-h2-font-size hyphenate\">Richtig verstaut<\/h2>\n\t\t<div class=\"row reduced-mobile-padding mt-2\">\n\t\t\t\n<div class=\"col-6 col-lg-3\">\n    <a class=\"product-teaser\" href=\"https:\/\/www.vasalat.com\/de\/shop\/raaco-sortimentkoffer-assorter-55-4x8-17-mit-17-einsaetzen-338-x-261-x-57-mm\/\">\n        <div class=\"product-content\">\n            <img decoding=\"async\" src=\"https:\/\/vasalat-img.b-cdn.net\/derivates\/5\/135\/243\/DV005-ppic_Sortimentkoffer_Assorter_55_101141505_0.jpg?class=thumbnail\" alt=\"Produktbild f\u00fcr RAACO Sortimentkoffer Assorter 55 4&#215;8-17 mit 17 Eins\u00e4tzen 338 x 261 x 57 mm\" width=\"400\" height=\"400\" loading=\"lazy\" \/>            <div class=\"product-info\">\n                <div class=\"info-container\">\n                    <h3>RAACO Sortimentkoffer Assorter 55 4&#215;8-17 mit 17 Eins\u00e4tzen 338 x 261 x 57 mm<\/h3>\n                    <p>\n                        Transparenter Deckel mit U-Profilen, die das Verrutschen der Eins\u00e4tze verhindern. Stabile Schiebeverschl\u00fcsse. Lieferung inkl. 17 Eins\u00e4tze. Breite(mm): 261 H\u00f6he(mm): 57 L\u00e4nge(mm): 338 Material: Poly&hellip;                    <\/p>\n                <\/div>\n                <div class=\"price-container\">\n                    <div class=\"price\">\n                        <span class=\"show-user-vat-exempt\">\n\t\t<span class=\"current-price\"><span class=\"woocommerce-Price-amount amount\"><bdi><span class=\"woocommerce-Price-currencySymbol\" translate=\"no\">&euro;<\/span>&nbsp;22,65<\/bdi><\/span><\/span>\n\t<\/span>\n\t<span class=\"hide-user-vat-exempt\">\n\t\t<span class=\"current-price\"><span class=\"woocommerce-Price-amount amount\"><bdi><span class=\"woocommerce-Price-currencySymbol\" translate=\"no\">&euro;<\/span>&nbsp;26,95<\/bdi><\/span><\/span>\n\t<\/span>                    <\/div>\n\n                    <button class=\"add-to-cart\" data-product-id=\"131862\" title=\"In den Warenkorb\"><i class=\"far fa-shopping-cart\"><\/i><\/button>                <\/div>\n            <\/div>\n        <\/div>\n    <\/a>\n<\/div>\n\n<div class=\"col-6 col-lg-3\">\n    <a class=\"product-teaser\" href=\"https:\/\/www.vasalat.com\/de\/shop\/raaco-sortimentkoffer-assorter-5-18-mit-18-fixen-faechern-240-x-195-x-43-mm\/\">\n        <div class=\"product-content\">\n            <img decoding=\"async\" src=\"https:\/\/vasalat-img.b-cdn.net\/derivates\/5\/135\/243\/DV005-ppic_Sortimentkoffer_Assorter_5_18_101141508_0.jpg?class=thumbnail\" alt=\"Produktbild f\u00fcr RAACO Sortimentkoffer Assorter 5-18 mit 18 fixen F\u00e4chern 240 x 195 x 43 mm\" width=\"400\" height=\"400\" loading=\"lazy\" \/>            <div class=\"product-info\">\n                <div class=\"info-container\">\n                    <h3>RAACO Sortimentkoffer Assorter 5-18 mit 18 fixen F\u00e4chern 240 x 195 x 43 mm<\/h3>\n                    <p>\n                        Sortimentkasten mit 18 festen Einteilungen gleicher Gr\u00f6\u00dfe. Transparenter Deckel, stabile Schiebeverschl\u00fcsse. Lieferung inkl. 18 fixen F\u00e4chern. Breite(mm): 195 H\u00f6he(mm): 43 L\u00e4nge(mm): 240 Material: &hellip;                    <\/p>\n                <\/div>\n                <div class=\"price-container\">\n                    <div class=\"price\">\n                        <span class=\"show-user-vat-exempt\">\n\t\t<span class=\"current-price\"><span class=\"woocommerce-Price-amount amount\"><bdi><span class=\"woocommerce-Price-currencySymbol\" translate=\"no\">&euro;<\/span>&nbsp;12,29<\/bdi><\/span><\/span>\n\t<\/span>\n\t<span class=\"hide-user-vat-exempt\">\n\t\t<span class=\"current-price\"><span class=\"woocommerce-Price-amount amount\"><bdi><span class=\"woocommerce-Price-currencySymbol\" translate=\"no\">&euro;<\/span>&nbsp;14,62<\/bdi><\/span><\/span>\n\t<\/span>                    <\/div>\n\n                    <button class=\"add-to-cart\" data-product-id=\"131651\" title=\"In den Warenkorb\"><i class=\"far fa-shopping-cart\"><\/i><\/button>                <\/div>\n            <\/div>\n        <\/div>\n    <\/a>\n<\/div>\n\n<div class=\"col-6 col-lg-3\">\n    <a class=\"product-teaser\" href=\"https:\/\/www.vasalat.com\/de\/shop\/alutec-aluminiumbox-industry-aus-1-mm-starkem-alublech\/\">\n        <div class=\"product-content\">\n            <div class=\"variation-mark\"><div>3<\/div>Artikel<\/div><img decoding=\"async\" src=\"https:\/\/vasalat-img.b-cdn.net\/derivates\/5\/179\/788\/DV005-ppic-Aluminiumbox-Industry-48-101141737-2_0.jpg?class=thumbnail\" alt=\"Produktbild f\u00fcr ALUTEC Aluminiumbox Industry aus 1 mm starkem Alublech\" width=\"400\" height=\"400\" loading=\"lazy\" \/>            <div class=\"product-info\">\n                <div class=\"info-container\">\n                    <h3>ALUTEC Aluminiumbox Industry aus 1 mm starkem Alublech<\/h3>\n                    <p>\n                        Box aus 1,0 mm starkem Aluminium und robusten Stapelecken aus schlagfestem Kunststoff. Stabiler Klappdeckel mit Fangb\u00e4ndern, die ein Ausrei\u00dfen der Scharniere verhindern, leicht, stabil und formbest&hellip;                    <\/p>\n                <\/div>\n                <div class=\"price-container\">\n                    <div class=\"price\">\n                        <span class=\"show-user-vat-exempt\">\n\t\t<span class=\"current-price\"><span class=\"woocommerce-Price-amount amount\"><bdi><span class=\"woocommerce-Price-currencySymbol\" translate=\"no\">&euro;<\/span>&nbsp;162,72<\/bdi><\/span><\/span>\n\t<\/span>\n\t<span class=\"hide-user-vat-exempt\">\n\t\t<span class=\"current-price\"><span class=\"woocommerce-Price-amount amount\"><bdi><span class=\"woocommerce-Price-currencySymbol\" translate=\"no\">&euro;<\/span>&nbsp;193,64<\/bdi><\/span><\/span>\n\t<\/span>                    <\/div>\n\n                    <i class=\"far fa-chevron-up\"><\/i>                <\/div>\n            <\/div>\n        <\/div>\n    <\/a>\n<\/div>\n\n<div class=\"col-6 col-lg-3\">\n    <a class=\"product-teaser\" href=\"https:\/\/www.vasalat.com\/de\/shop\/beschriftungsgeraet-label-manager-type280-im-softcase\/\">\n        <div class=\"product-content\">\n            <img decoding=\"async\" src=\"https:\/\/vasalat-img.b-cdn.net\/derivates\/5\/135\/191\/DV005-ppic_Beschriftungsgeraet_Label_Manager_280_101168251_0.jpg?class=thumbnail\" alt=\"Produktbild f\u00fcr Beschriftungsger\u00e4t | Label Manager Type280 im Softcase\" width=\"400\" height=\"400\" loading=\"lazy\" \/>            <div class=\"product-info\">\n                <div class=\"info-container\">\n                    <h3>Beschriftungsger\u00e4t | Label Manager Type280 im Softcase<\/h3>\n                    <p>\n                        Mithilfe des portablen DYMO\u00ae LabelManager 280 k\u00f6nnen Sie alles auf einfache Weise ordnen.Schlie\u00dfen Sie ihn \u00fcber USB an Ihren PC- oder Mac\u00ae an und verwenden Sie die DYMO Label Software um Barcodes, &hellip;                    <\/p>\n                <\/div>\n                <div class=\"price-container\">\n                    <div class=\"price\">\n                        <span class=\"show-user-vat-exempt\">\n\t\t<span class=\"current-price\"><span class=\"woocommerce-Price-amount amount\"><bdi><span class=\"woocommerce-Price-currencySymbol\" translate=\"no\">&euro;<\/span>&nbsp;152,82<\/bdi><\/span><\/span>\n\t<\/span>\n\t<span class=\"hide-user-vat-exempt\">\n\t\t<span class=\"current-price\"><span class=\"woocommerce-Price-amount amount\"><bdi><span class=\"woocommerce-Price-currencySymbol\" translate=\"no\">&euro;<\/span>&nbsp;181,85<\/bdi><\/span><\/span>\n\t<\/span>                    <\/div>\n\n                    <button class=\"add-to-cart\" data-product-id=\"130983\" title=\"In den Warenkorb\"><i class=\"far fa-shopping-cart\"><\/i><\/button>                <\/div>\n            <\/div>\n        <\/div>\n    <\/a>\n<\/div>\n\t\t<\/div>\n\n\t<\/div>\n<\/div>\n\n<div class=\"container\">\n\t<div class=\"row justify-content-center block-content\">\n\t\t<div class=\"col-12\">\n\n\n\n<h2 class=\"wp-block-heading\">Tipps f\u00fcr die Werkbankaufbewahrung<\/h2>\n\n\n\n<p class=\"wp-block-paragraph\">F\u00fcr etwas gr\u00f6\u00dfere Gegenst\u00e4nde, wie Handwerkzeuge, ist es oft am besten, die Schubladen der Werkbank zu nutzen. Egal was du in den Laden verstauen m\u00f6chtest, vergiss nicht darauf sie zu beschriften. So kommt nach getaner Arbeit bestimmt wieder alles an seinen Platz. Hast du keine Schubladen oder diese bereits f\u00fcr andere Gegenst\u00e4nde verplant, gibt es eine ganz einfache L\u00f6sung f\u00fcr Schraubenzieher und Co.<\/p>\n\n\n\n<div style=\"height:50px\" aria-hidden=\"true\" class=\"wp-block-spacer\"><\/div>\n\n\n\n<h2 class=\"wp-block-heading\">Mehr Platz mit einer Werkzeugwand oder einem French-Cleat-System<\/h2>\n\n\n\n<p class=\"wp-block-paragraph\">Gerade in kleinen Werkst\u00e4tten z\u00e4hlt jeder Zentimeter.<\/p>\n\n\n\n<h3 class=\"wp-block-heading\">Eine Werkzeugwand bietet viele Vorteile:<\/h3>\n\n\n\n<ul class=\"wp-block-list\">\n<li>Werkzeuge sind sofort sichtbar<\/li>\n\n\n\n<li>Arbeitsfl\u00e4chen bleiben frei<\/li>\n\n\n\n<li>alles hat seinen festen Platz<\/li>\n\n\n\n<li>individuelle Erweiterungen sind jederzeit m\u00f6glich<\/li>\n<\/ul>\n\n\n\n<p class=\"wp-block-paragraph\">Befestige eine Lochplatte mit Haltern \u00fcber deiner Werkbank. Somit hast du deine Handwerkzeuge immer im Blick und sofort zur Hand. Von Schrauben- und Maulschl\u00fcssel, \u00fcber Ma\u00dfband und Meterstab bis hin zu Zangen und Schraubenzieher findet dort alles Platz. Nachdem du alle Gegenst\u00e4nde sch\u00f6n organisiert hast, kannst du die Pl\u00e4tze der Ger\u00e4tschaften mit Namen und Gr\u00f6\u00dfen beschriften. So wei\u00dft du sofort, wo was hingeh\u00f6rt.<\/p>\n\n\n\n<p class=\"wp-block-paragraph\">Mit flexiblen Elementen lassen sich Halterungen jederzeit versetzen oder erweitern \u2013 ideal, wenn sich deine Werkstatt regelm\u00e4\u00dfig ver\u00e4ndert.<\/p>\n\n\n\n\t\t<\/div>\n\t<\/div>\n<\/div>\n\n<div class=\"box product-block\">\n\t<div class=\"container\">\n\n\t\t<h2 class=\"small-mobile-h2-font-size hyphenate\">Passt perfekt<\/h2>\n\t\t<div class=\"row reduced-mobile-padding mt-2\">\n\t\t\t\n<div class=\"col-6 col-lg-4\">\n    <a class=\"product-teaser\" href=\"https:\/\/www.vasalat.com\/de\/shop\/metec-werkzeughalter-sortiment-18-teilig\/\">\n        <div class=\"product-content\">\n            <img decoding=\"async\" src=\"https:\/\/vasalat-img.b-cdn.net\/derivates\/5\/103\/199\/DV005-ppic_Werkzeughalter_Sortiment_0.jpg?class=thumbnail\" alt=\"Produktbild f\u00fcr METEC Werkzeughalter-Sortiment 18-teilig\" width=\"400\" height=\"400\" loading=\"lazy\" \/>            <div class=\"product-info\">\n                <div class=\"info-container\">\n                    <h3>METEC Werkzeughalter-Sortiment 18-teilig<\/h3>\n                    <p>\n                        Set mit Wandhalterung f\u00fcr Werkzeug \/ Halter\/Haken f\u00fcr Werkzeuge 18 Teilig5 Werkzeughalter schr\u00e4ges Hakenende, L-50 mm, 2x Werkzeughalter senkrechtes Hakenende L-70 mm, Werkzeughalter doppelt senkre&hellip;                    <\/p>\n                <\/div>\n                <div class=\"price-container\">\n                    <div class=\"price\">\n                        <span class=\"show-user-vat-exempt\">\n\t\t<span class=\"current-price\"><span class=\"woocommerce-Price-amount amount\"><bdi><span class=\"woocommerce-Price-currencySymbol\" translate=\"no\">&euro;<\/span>&nbsp;154,19<\/bdi><\/span><\/span>\n\t<\/span>\n\t<span class=\"hide-user-vat-exempt\">\n\t\t<span class=\"current-price\"><span class=\"woocommerce-Price-amount amount\"><bdi><span class=\"woocommerce-Price-currencySymbol\" translate=\"no\">&euro;<\/span>&nbsp;183,49<\/bdi><\/span><\/span>\n\t<\/span>                    <\/div>\n\n                    <button class=\"add-to-cart\" data-product-id=\"122911\" title=\"In den Warenkorb\"><i class=\"far fa-shopping-cart\"><\/i><\/button>                <\/div>\n            <\/div>\n        <\/div>\n    <\/a>\n<\/div>\n\n<div class=\"col-6 col-lg-4\">\n    <a class=\"product-teaser\" href=\"https:\/\/www.vasalat.com\/de\/shop\/metec-lochplatte-lichtgrau\/\">\n        <div class=\"product-content\">\n            <div class=\"variation-mark\"><div>2<\/div>Artikel<\/div><img decoding=\"async\" src=\"https:\/\/vasalat-img.b-cdn.net\/derivates\/5\/135\/316\/DV005-ppic_Lochplatte_lichtgrau_101141425_0.jpg?class=thumbnail\" alt=\"Produktbild f\u00fcr GEDORE Lochplatte\" width=\"400\" height=\"400\" loading=\"lazy\" \/>            <div class=\"product-info\">\n                <div class=\"info-container\">\n                    <h3>GEDORE Lochplatte<\/h3>\n                    <p>\n                        Lochplatte mit Vierkantlochung, stabile Ausf\u00fchrung mit angeschwei\u00dften Versteifungen, allseitig abgekantet. Zur \u00fcbersichtlichen und griffbereiten, individuell gestaltbaren Platzierung von Handwerkze&hellip;                    <\/p>\n                <\/div>\n                <div class=\"price-container\">\n                    <div class=\"price\">\n                        <span class=\"show-user-vat-exempt\">\n\t\t<span class=\"current-price\"><span class=\"woocommerce-Price-amount amount\"><bdi><span class=\"woocommerce-Price-currencySymbol\" translate=\"no\">&euro;<\/span>&nbsp;93,55<\/bdi><\/span><\/span>\n\t<\/span>\n\t<span class=\"hide-user-vat-exempt\">\n\t\t<span class=\"current-price\"><span class=\"woocommerce-Price-amount amount\"><bdi><span class=\"woocommerce-Price-currencySymbol\" translate=\"no\">&euro;<\/span>&nbsp;111,32<\/bdi><\/span><\/span>\n\t<\/span>                    <\/div>\n\n                    <i class=\"far fa-chevron-up\"><\/i>                <\/div>\n            <\/div>\n        <\/div>\n    <\/a>\n<\/div>\n\n<div class=\"col-6 col-lg-4\">\n    <a class=\"product-teaser\" href=\"https:\/\/www.vasalat.com\/de\/shop\/metec-zangenhalter-fuer-lochplatten\/\">\n        <div class=\"product-content\">\n            <img decoding=\"async\" src=\"https:\/\/vasalat-img.b-cdn.net\/derivates\/5\/103\/198\/DV005-ppic_Zungenhalter_0.jpg?class=thumbnail\" alt=\"Produktbild f\u00fcr METEC Zangenhalter  f\u00fcr Lochplatten\" width=\"400\" height=\"400\" loading=\"lazy\" \/>            <div class=\"product-info\">\n                <div class=\"info-container\">\n                    <h3>METEC Zangenhalter  f\u00fcr Lochplatten<\/h3>\n                    <p>\n                        Wandhalterung f\u00fcr Werkzeug \/ Halter\/Haken f\u00fcr WerkzeugeBreite (mm): 35 | Tiefe (mm): 20KOMPATIBEL: passend zu Lochplatten wie z.B. 101141420 | 101141421Werkzeughalter f\u00fcr die Befestigung an der Wan&hellip;                    <\/p>\n                <\/div>\n                <div class=\"price-container\">\n                    <div class=\"price\">\n                        <span class=\"show-user-vat-exempt\">\n\t\t<span class=\"current-price\"><span class=\"woocommerce-Price-amount amount\"><bdi><span class=\"woocommerce-Price-currencySymbol\" translate=\"no\">&euro;<\/span>&nbsp;10,54<\/bdi><\/span><\/span>\n\t<\/span>\n\t<span class=\"hide-user-vat-exempt\">\n\t\t<span class=\"current-price\"><span class=\"woocommerce-Price-amount amount\"><bdi><span class=\"woocommerce-Price-currencySymbol\" translate=\"no\">&euro;<\/span>&nbsp;12,54<\/bdi><\/span><\/span>\n\t<\/span>                    <\/div>\n\n                    <button class=\"add-to-cart\" data-product-id=\"122916\" title=\"In den Warenkorb\"><i class=\"far fa-shopping-cart\"><\/i><\/button>                <\/div>\n            <\/div>\n        <\/div>\n    <\/a>\n<\/div>\n\t\t<\/div>\n\n\t<\/div>\n<\/div>\n\n<div class=\"container\">\n\t<div class=\"row justify-content-center block-content\">\n\t\t<div class=\"col-12\">\n\n\n\n<h2 class=\"wp-block-heading\">Gro\u00dfe Ger\u00e4te platzsparend verstauen<\/h2>\n\n\n\n<p class=\"wp-block-paragraph\">Das gute an kleinen Gegenst\u00e4nden ist, dass sie klein sind und somit schnell verstaut. Wie macht man das aber mit gro\u00dfen? Besonders, wenn man nicht allzu viel Platz in der Werkstatt hat?<\/p>\n\n\n\n\t\t<\/div>\n\t<\/div>\n<\/div>\n\n<div class=\"box product-block\">\n\t<div class=\"container\">\n\n\t\t<h2 class=\"small-mobile-h2-font-size hyphenate\">Alles im Griff<\/h2>\n\t\t<div class=\"row reduced-mobile-padding mt-2\">\n\t\t\t\n<div class=\"col-6 col-lg-3\">\n    <a class=\"product-teaser\" href=\"https:\/\/www.vasalat.com\/de\/shop\/bruns-alu-geraeteschiene-mit-halter\/\">\n        <div class=\"product-content\">\n            <div class=\"variation-mark\"><div>9<\/div>Artikel<\/div><img decoding=\"async\" src=\"https:\/\/vasalat-img.b-cdn.net\/derivates\/5\/108\/161\/DV005-ppic_Geraetehalter_6fach_02_0.jpg?class=thumbnail\" alt=\"Produktbild f\u00fcr BRUNS Alu Ger\u00e4teschiene mit Halter\" width=\"400\" height=\"400\" loading=\"lazy\" \/>            <div class=\"product-info\">\n                <div class=\"info-container\">\n                    <h3>BRUNS Alu Ger\u00e4teschiene mit Halter<\/h3>\n                    <p>\n                        Spannbereich zwischen 0 und 50 mm | Tragkraft: max. 10 kg pro Werkzeughalter; Hakenleiste f\u00fcr Gartenger\u00e4te &#8211; F\u00fchrungschiene: 1x 1000mmDie Wandhalterung wird inkl. Schrauben und seitliche Begrenzung&hellip;                    <\/p>\n                <\/div>\n                <div class=\"price-container\">\n                    <div class=\"price\">\n                        <span class=\"show-user-vat-exempt\">\n\t\t<span class=\"current-price\"><span class=\"woocommerce-Price-amount amount\"><bdi><span class=\"woocommerce-Price-currencySymbol\" translate=\"no\">&euro;<\/span>&nbsp;15,04<\/bdi><\/span><\/span>\n\t<\/span>\n\t<span class=\"hide-user-vat-exempt\">\n\t\t<span class=\"current-price\"><span class=\"woocommerce-Price-amount amount\"><bdi><span class=\"woocommerce-Price-currencySymbol\" translate=\"no\">&euro;<\/span>&nbsp;17,90<\/bdi><\/span><\/span>\n\t<\/span>                    <\/div>\n\n                    <i class=\"far fa-chevron-up\"><\/i>                <\/div>\n            <\/div>\n        <\/div>\n    <\/a>\n<\/div>\n\n<div class=\"col-6 col-lg-3\">\n    <a class=\"product-teaser\" href=\"https:\/\/www.vasalat.com\/de\/shop\/bruns-alu-geraeteschiene-lose\/\">\n        <div class=\"product-content\">\n            <div class=\"variation-mark\"><div>2<\/div>Artikel<\/div><img decoding=\"async\" src=\"https:\/\/vasalat-img.b-cdn.net\/derivates\/5\/180\/415\/DV005-ppic_Bruns_Geraeteschiene_500mm_0.jpg?class=thumbnail\" alt=\"Produktbild f\u00fcr BRUNS Alu Ger\u00e4teschiene lose\" width=\"400\" height=\"400\" loading=\"lazy\" \/>            <div class=\"product-info\">\n                <div class=\"info-container\">\n                    <h3>BRUNS Alu Ger\u00e4teschiene lose<\/h3>\n                    <p>\n                        Zum Einh\u00e4gen von Ger\u00e4tehaltern. Lieferung inkl. Schrauben und Endkappen. L\u00e4nge(mm): 500 Material: Alu Marke: Bruns Inhaltsangabe (ST): 1                    <\/p>\n                <\/div>\n                <div class=\"price-container\">\n                    <div class=\"price\">\n                        <span class=\"show-user-vat-exempt\">\n\t\t<span class=\"current-price\"><span class=\"woocommerce-Price-amount amount\"><bdi><span class=\"woocommerce-Price-currencySymbol\" translate=\"no\">&euro;<\/span>&nbsp;9,73<\/bdi><\/span><\/span>\n\t<\/span>\n\t<span class=\"hide-user-vat-exempt\">\n\t\t<span class=\"current-price\"><span class=\"woocommerce-Price-amount amount\"><bdi><span class=\"woocommerce-Price-currencySymbol\" translate=\"no\">&euro;<\/span>&nbsp;11,58<\/bdi><\/span><\/span>\n\t<\/span>                    <\/div>\n\n                    <i class=\"far fa-chevron-up\"><\/i>                <\/div>\n            <\/div>\n        <\/div>\n    <\/a>\n<\/div>\n\n<div class=\"col-6 col-lg-3\">\n    <a class=\"product-teaser\" href=\"https:\/\/www.vasalat.com\/de\/shop\/bruns-geraetehaken-lose-inhalt-2-stueck\/\">\n        <div class=\"product-content\">\n            <img decoding=\"async\" src=\"https:\/\/vasalat-img.b-cdn.net\/derivates\/5\/180\/414\/DV005-ppic_Bruns_Geraetehaken_GH2_SB-Verpackung_0.jpg?class=thumbnail\" alt=\"Produktbild f\u00fcr BRUNS Ger\u00e4tehaken Inhalt 2 St\u00fcck\" width=\"400\" height=\"400\" loading=\"lazy\" \/>            <div class=\"product-info\">\n                <div class=\"info-container\">\n                    <h3>BRUNS Ger\u00e4tehaken Inhalt 2 St\u00fcck<\/h3>\n                    <p>\n                        Passend f\u00fcr Ger\u00e4teschiene lose. Farbe: Schwarz Marke: Bruns Inhalt(ST): 2 Inhaltsangabe (ST): 1                    <\/p>\n                <\/div>\n                <div class=\"price-container\">\n                    <div class=\"price\">\n                        <span class=\"show-user-vat-exempt\">\n\t\t<span class=\"current-price\"><span class=\"woocommerce-Price-amount amount\"><bdi><span class=\"woocommerce-Price-currencySymbol\" translate=\"no\">&euro;<\/span>&nbsp;8,49<\/bdi><\/span><\/span>\n\t<\/span>\n\t<span class=\"hide-user-vat-exempt\">\n\t\t<span class=\"current-price\"><span class=\"woocommerce-Price-amount amount\"><bdi><span class=\"woocommerce-Price-currencySymbol\" translate=\"no\">&euro;<\/span>&nbsp;10,10<\/bdi><\/span><\/span>\n\t<\/span>                    <\/div>\n\n                    <button class=\"add-to-cart\" data-product-id=\"133404\" title=\"In den Warenkorb\"><i class=\"far fa-shopping-cart\"><\/i><\/button>                <\/div>\n            <\/div>\n        <\/div>\n    <\/a>\n<\/div>\n\n<div class=\"col-6 col-lg-3\">\n    <a class=\"product-teaser\" href=\"https:\/\/www.vasalat.com\/de\/shop\/bruns-geraetehalter-lose-schwarz-rot\/\">\n        <div class=\"product-content\">\n            <div class=\"variation-mark\"><div>2<\/div>Artikel<\/div><img decoding=\"async\" src=\"https:\/\/vasalat-img.b-cdn.net\/derivates\/5\/180\/415\/DV005-ppic_Bruns_Geraetehalter_SB2-0A_SB-Verpackung_0.jpg?class=thumbnail\" alt=\"Produktbild f\u00fcr BRUNS Ger\u00e4tehalter lose, schwarz\/rot\" width=\"400\" height=\"400\" loading=\"lazy\" \/>            <div class=\"product-info\">\n                <div class=\"info-container\">\n                    <h3>BRUNS Ger\u00e4tehalter lose, schwarz\/rot<\/h3>\n                    <p>\n                        Passend f\u00fcr Ger\u00e4teschiene lose. Farbe: Schwarz\/Rot Inhalt(ST): 2 Marke: Bruns Inhaltsangabe (PK): 1                    <\/p>\n                <\/div>\n                <div class=\"price-container\">\n                    <div class=\"price\">\n                        <span class=\"show-user-vat-exempt\">\n\t\t<span class=\"current-price\"><span class=\"woocommerce-Price-amount amount\"><bdi><span class=\"woocommerce-Price-currencySymbol\" translate=\"no\">&euro;<\/span>&nbsp;9,85<\/bdi><\/span><\/span>\n\t<\/span>\n\t<span class=\"hide-user-vat-exempt\">\n\t\t<span class=\"current-price\"><span class=\"woocommerce-Price-amount amount\"><bdi><span class=\"woocommerce-Price-currencySymbol\" translate=\"no\">&euro;<\/span>&nbsp;11,72<\/bdi><\/span><\/span>\n\t<\/span>                    <\/div>\n\n                    <i class=\"far fa-chevron-up\"><\/i>                <\/div>\n            <\/div>\n        <\/div>\n    <\/a>\n<\/div>\n\t\t<\/div>\n\n\t<\/div>\n<\/div>\n\n<div class=\"container\">\n\t<div class=\"row justify-content-center block-content\">\n\t\t<div class=\"col-12\">\n\n\n\n<h2 class=\"wp-block-heading\">Gro\u00dfe Werkzeuge \u00fcbersichtlich an der Wand lagern<\/h2>\n\n\n\n<p class=\"wp-block-paragraph\">Dabei sind W\u00e4nde deine besten Freunde! Gro\u00dfe Gegenst\u00e4nde lassen sich wunderbar durch verschiedene Hilfsmittel auf der Wand verstauen. Mit einer Ger\u00e4teschiene hast du deine Ger\u00e4te nicht nur bestens im Blick sondern auch optimal aus dem Weg geschaffen. F\u00fcr \u00fcbrige Gegenst\u00e4nde, die nicht oft gebraucht werden aber trotzdem einen Stauplatz brauchen, eignen sich passende Wandhaken (Skier, Leitern, \u2026). &nbsp;Hast du genug Platz in deiner Werkstatt, hast du bestimmt mit vielen Regalen eine gro\u00dfe Freude. Am besten solltest du auch bei den Haltern, den Hacken und den Regalen die Pl\u00e4tze passenden beschriften.<\/p>\n\n\n<\/div>\n\n<div class=\"col-12\">\n\t<div class=\"expert-tip-block\">\n\t\t<div class=\"tip-badge\">\n\t\t\t<i class=\"fas fa-thumbs-up\"><\/i> vasalat Tipp\t\t<\/div>\n\t\t<div class=\"row justify-content-center\">\n\t\t\t<div class=\"col-12 col-md-10 col-lg-8\">\n\t\t\t\t<h2>Werkstatt M\u00f6bel kaufen<\/h2>\n\t\t\t\t<p><p>F\u00fcr die Werkstatt m\u00fcssen auf keinen Fall neue Regale her, da sie wahrscheinlich sowieso bald schmutzig werden w\u00fcrden. Vielleicht findet sich passendes in deinem Haushalt oder im Haushalt von Bekannten \u2013 die meisten freuen sich wenn ungen\u00fctzte M\u00f6bel wieder gebraucht werden!<\/p>\n<\/p>\n\t\t\t<\/div>\n\t\t<\/div>\n\t<\/div>\n<\/div>\n\n<div class=\"col-12\">\n\n\n\n<h2 class=\"wp-block-heading\">Ordnung halten Tipps: So bleibt deine Werkstatt dauerhaft ordentlich<\/h2>\n\n\n\n<p class=\"wp-block-paragraph\">Die beste Werkstatt bringt wenig, wenn nach jedem Projekt Chaos entsteht.<\/p>\n\n\n\n<p class=\"wp-block-paragraph\">Mit diesen Gewohnheiten bleibt deine Werkstatt dauerhaft sauber und ordentlich:<\/p>\n\n\n\n<ul class=\"wp-block-list\">\n<li>Werkzeuge direkt nach Gebrauch zur\u00fccklegen<\/li>\n\n\n\n<li>Verbrauchsmaterial regelm\u00e4\u00dfig nachf\u00fcllen<\/li>\n\n\n\n<li>Defekte Werkzeuge aussortieren<\/li>\n\n\n\n<li>Verpackungen sofort entsorgen<\/li>\n\n\n\n<li>Einmal im Monat gr\u00fcndlich aufr\u00e4umen<\/li>\n<\/ul>\n\n\n\n<p class=\"wp-block-paragraph\">Schon f\u00fcnf Minuten Aufr\u00e4umen nach jedem Einsatz reichen oft aus, um dauerhaft Ordnung zu halten.<\/p>\n\n\n\n<div style=\"height:50px\" aria-hidden=\"true\" class=\"wp-block-spacer\"><\/div>\n\n\n\n<h2 class=\"wp-block-heading\">Sicherheit geh\u00f6rt zu einer aufger\u00e4umten Werkstatt<\/h2>\n\n\n\n<p class=\"wp-block-paragraph\">Eine ordentliche Werkstatt erh\u00f6ht nicht nur den Komfort, sondern reduziert auch das Unfallrisiko.<\/p>\n\n\n\n<p class=\"wp-block-paragraph\">Achte deshalb darauf:<\/p>\n\n\n\n<ul class=\"wp-block-list\">\n<li>Stolperfallen vermeiden<\/li>\n\n\n\n<li>Kabel ordentlich verlegen<\/li>\n\n\n\n<li>Gefahrstoffe sicher lagern<\/li>\n\n\n\n<li>schwere Maschinen standsicher aufbewahren<\/li>\n\n\n\n<li>Fluchtwege freihalten<\/li>\n\n\n\n<li>Feuerl\u00f6scher und Erste-Hilfe-Set griffbereit platzieren<\/li>\n<\/ul>\n\n\n\n<div style=\"height:50px\" aria-hidden=\"true\" class=\"wp-block-spacer\"><\/div>\n\n\n\n<h2 class=\"wp-block-heading\">Checkliste: Ordnung in der Werkstatt schaffen<\/h2>\n\n\n\n<p class=\"wp-block-paragraph\">Bevor du mit dem n\u00e4chsten Projekt startest, \u00fcberpr\u00fcfe diese Punkte:<\/p>\n\n\n\n<ul class=\"wp-block-list\">\n<li>Werkstatt ausmisten und Unn\u00f6tiges entsorgen<\/li>\n\n\n\n<li>Arbeitsbereiche festlegen<\/li>\n\n\n\n<li>Werkzeug nach Einsatzgebiet sortieren<\/li>\n\n\n\n<li>Schrauben und Kleinteile beschriften<\/li>\n\n\n\n<li>Werkzeugwand oder Lochplatte montieren<\/li>\n\n\n\n<li>Regale sinnvoll einrichten<\/li>\n\n\n\n<li>Schwere Ger\u00e4te unten lagern<\/li>\n\n\n\n<li>H\u00e4ufig ben\u00f6tigtes Werkzeug griffbereit platzieren<\/li>\n\n\n\n<li>Verbrauchsmaterial regelm\u00e4\u00dfig auff\u00fcllen<\/li>\n\n\n\n<li>Nach jedem Projekt f\u00fcnf Minuten aufr\u00e4umen<\/li>\n<\/ul>\n\n\n\n<div style=\"height:50px\" aria-hidden=\"true\" class=\"wp-block-spacer\"><\/div>\n\n\n\n<h2 class=\"wp-block-heading\">Werkstatt organisieren leicht gemacht<\/h2>\n\n\n\n<p class=\"wp-block-paragraph\">Eine gut organisierte Werkstatt spart Zeit, schont deine Werkzeuge und macht das Arbeiten deutlich angenehmer. Mit einem durchdachten Ordnungssystem, festen Aufbewahrungspl\u00e4tzen und einer kurzen Aufr\u00e4umroutine nach jedem Projekt bleibt deine Werkstatt dauerhaft \u00fcbersichtlich. Schon kleine Ver\u00e4nderungen wie beschriftete Sichtlagerk\u00e4sten oder eine Werkzeugwand k\u00f6nnen den Arbeitsalltag erheblich erleichtern.<\/p>\n\n\n\n<p class=\"wp-block-paragraph\"> Falls du noch \u00fcberhaupt keine eigene Werkstatt hast, findest du <a href=\"https:\/\/www.vasalat.com\/de\/blog\/die-werkstatt-must-haves\/\">hier<\/a> Tipps, um deine Traum-Werkstatt einzurichten. Hast du weitere Ideen f\u00fcr eine Werkstatt, damit alles in Ordnung bleibt und dort ist, wo es hin soll? Wir freuen uns \u00fcber deine Erfahrungen in den Kommentaren!<\/p>\n\n\n\n<p class=\"wp-block-paragraph\"><strong>Wie sorgst du f\u00fcr Ordnung in deiner Werkstatt? Nutzt du eine klassische Werkzeugwand, oder hast du deine ganz eigene L\u00f6sung entwickelt? Verrate uns deine besten Tipps und Erfahrungen in den Kommentaren \u2013 vielleicht ist deine Idee genau die Inspiration, nach der andere Heimwerker suchen.<\/strong><\/p>\n\n\n\n<div style=\"height:50px\" aria-hidden=\"true\" class=\"wp-block-spacer\"><\/div>\n\n\n\n<h2 class=\"wp-block-heading\">H\u00e4ufig gestellte Fragen zu Ordnung in der Werkstatt<\/h2>\n\n\n\n<div class=\"schema-faq wp-block-yoast-faq-block\"><div class=\"schema-faq-section\" id=\"faq-question-1783499947774\"><strong class=\"schema-faq-question\">Wie schafft man dauerhaft Ordnung in der Werkstatt?<\/strong> <p class=\"schema-faq-answer\">Der wichtigste Schritt ist, jedem Werkzeug und jedem Material einen festen Platz zuzuweisen. Erg\u00e4nzend helfen regelm\u00e4\u00dfiges Ausmisten, beschriftete Aufbewahrungssysteme und eine kurze Aufr\u00e4umroutine nach jedem Projekt.<\/p> <\/div> <div class=\"schema-faq-section\" id=\"faq-question-1783501012122\"><strong class=\"schema-faq-question\">Wie bewahrt man Schrauben am besten auf?<\/strong> <p class=\"schema-faq-answer\">Schrauben, D\u00fcbel und Kleinteile lassen sich am \u00fcbersichtlichsten in beschrifteten Sichtlagerk\u00e4sten oder Sortimentsk\u00e4sten aufbewahren. Eine Sortierung nach Gr\u00f6\u00dfe und Typ spart Zeit bei jedem Projekt.<\/p> <\/div> <div class=\"schema-faq-section\" id=\"faq-question-1783501015642\"><strong class=\"schema-faq-question\">Welche Regale eignen sich f\u00fcr eine Werkstatt?<\/strong> <p class=\"schema-faq-answer\">Robuste Metallregale sind besonders belastbar und langlebig. Sie bieten ausreichend Platz f\u00fcr Maschinen, Werkzeugkoffer und Material. F\u00fcr Kleinteile eignen sich Regale mit integrierten Sichtlagerk\u00e4sten.<\/p> <\/div> <div class=\"schema-faq-section\" id=\"faq-question-1783501016570\"><strong class=\"schema-faq-question\">Wie lagert man Elektrowerkzeuge am besten?<\/strong> <p class=\"schema-faq-answer\">Elektrowerkzeuge sollten trocken und staubgesch\u00fctzt gelagert werden. Ladeger\u00e4te, Akkus und Zubeh\u00f6r bewahrst du am besten gemeinsam in beschrifteten Boxen oder Schubladen auf. H\u00e4ufig genutzte Ger\u00e4te k\u00f6nnen griffbereit an einer Werkzeugwand oder in speziellen Halterungen untergebracht werden.<\/p> <\/div> <div class=\"schema-faq-section\" id=\"faq-question-1783501017186\"><strong class=\"schema-faq-question\">Welche Ordnungssysteme eignen sich f\u00fcr Heimwerker?<\/strong> <p class=\"schema-faq-answer\">Bew\u00e4hrt haben sich Werkzeugw\u00e4nde, Lochplatten, Sichtlagerk\u00e4sten, Schubladenschr\u00e4nke und Regalsysteme. Welche L\u00f6sung am besten passt, h\u00e4ngt von der Gr\u00f6\u00dfe der Werkstatt und den verwendeten Werkzeugen ab.<\/p> <\/div> <\/div>\n","protected":false},"excerpt":{"rendered":"<p>Top motiviert f\u00fcr neue Projekte aber deine Werkstatt versinkt im Chaos? Du kannst nicht mit deinem Vorhaben starten weil du einfach schonwieder nicht die richtigen Teile findest? Dann ist es bestimmt Zeit, Ordnung in deine Werkstatt zu bringen! Wir zeigen dir, wie du nicht nur Ordnung in deine Werkstatt bringst, sondern diese Ordnung auch beibeh\u00e4ltst. [&hellip;]<\/p>\n","protected":false},"author":3,"featured_media":3013,"comment_status":"open","ping_status":"closed","sticky":false,"template":"","format":"standard","meta":{"_acf_changed":false,"footnotes":""},"categories":[1],"tags":[],"class_list":["post-2272","post","type-post","status-publish","format-standard","has-post-thumbnail","hentry","category-heimwerkertipps"],"acf":[],"yoast_head":"<!-- This site is optimized with the Yoast SEO plugin v28.0 - https:\/\/yoast.com\/product\/yoast-seo-wordpress\/ -->\n<title>Werkstatt organisieren: Tipps f\u00fcr Ordnung in der Werkstatt - vasalat<\/title>\n<meta name=\"description\" content=\"Werkstatt organisieren: Tipps und Tricks f\u00fcr Ordnung in der Werkstatt. Wir zeigen dir, wie du deine Werkstatt dauerhaft organisierst\" \/>\n<meta name=\"robots\" content=\"index, follow, max-snippet:-1, max-image-preview:large, max-video-preview:-1\" \/>\n<link rel=\"canonical\" href=\"https:\/\/www.vasalat.com\/de\/blog\/ordnung-in-der-werkstatt\/\" \/>\n<meta property=\"og:locale\" content=\"de_DE\" \/>\n<meta property=\"og:type\" content=\"article\" \/>\n<meta property=\"og:title\" content=\"Werkstatt organisieren: Tipps f\u00fcr Ordnung in der Werkstatt - vasalat\" \/>\n<meta property=\"og:description\" content=\"Werkstatt organisieren: Tipps und Tricks f\u00fcr Ordnung in der Werkstatt. Wir zeigen dir, wie du deine Werkstatt dauerhaft organisierst\" \/>\n<meta property=\"og:url\" content=\"https:\/\/www.vasalat.com\/de\/blog\/ordnung-in-der-werkstatt\/\" \/>\n<meta property=\"og:site_name\" content=\"vasalat\" \/>\n<meta property=\"article:publisher\" content=\"https:\/\/www.facebook.com\/vasalat.gmbh\" \/>\n<meta property=\"article:published_time\" content=\"2021-04-26T14:38:17+00:00\" \/>\n<meta property=\"article:modified_time\" content=\"2026-07-08T09:16:54+00:00\" \/>\n<meta property=\"og:image\" content=\"https:\/\/www.vasalat.com\/de\/wp-content\/uploads\/2021\/04\/IMG_1543-scaled.jpg\" \/>\n\t<meta property=\"og:image:width\" content=\"2560\" \/>\n\t<meta property=\"og:image:height\" content=\"1707\" \/>\n\t<meta property=\"og:image:type\" content=\"image\/jpeg\" \/>\n<meta name=\"author\" content=\"Michaela Kr\u00f6pfl\" \/>\n<meta name=\"twitter:card\" content=\"summary_large_image\" \/>\n<meta name=\"twitter:label1\" content=\"Verfasst von\" \/>\n\t<meta name=\"twitter:data1\" content=\"Michaela Kr\u00f6pfl\" \/>\n\t<meta name=\"twitter:label2\" content=\"Gesch\u00e4tzte Lesezeit\" \/>\n\t<meta name=\"twitter:data2\" content=\"9\u00a0Minuten\" \/>\n<script type=\"application\/ld+json\" class=\"yoast-schema-graph\">{\"@context\":\"https:\\\/\\\/schema.org\",\"@graph\":[{\"@type\":\"Article\",\"@id\":\"https:\\\/\\\/www.vasalat.com\\\/de\\\/blog\\\/ordnung-in-der-werkstatt\\\/#article\",\"isPartOf\":{\"@id\":\"https:\\\/\\\/www.vasalat.com\\\/de\\\/blog\\\/ordnung-in-der-werkstatt\\\/\"},\"author\":{\"name\":\"Michaela Kr\u00f6pfl\",\"@id\":\"https:\\\/\\\/www.vasalat.com\\\/#\\\/schema\\\/person\\\/39b37cf945b9b95f960de3ff546f6bc3\"},\"headline\":\"Werkstatt organisieren: Tipps f\u00fcr Ordnung in der Werkstatt\",\"datePublished\":\"2021-04-26T14:38:17+00:00\",\"dateModified\":\"2026-07-08T09:16:54+00:00\",\"mainEntityOfPage\":{\"@id\":\"https:\\\/\\\/www.vasalat.com\\\/de\\\/blog\\\/ordnung-in-der-werkstatt\\\/\"},\"wordCount\":1621,\"commentCount\":0,\"publisher\":{\"@id\":\"https:\\\/\\\/www.vasalat.com\\\/#organization\"},\"image\":{\"@id\":\"https:\\\/\\\/www.vasalat.com\\\/de\\\/blog\\\/ordnung-in-der-werkstatt\\\/#primaryimage\"},\"thumbnailUrl\":\"https:\\\/\\\/www.vasalat.com\\\/de\\\/wp-content\\\/uploads\\\/2021\\\/04\\\/IMG_1543-scaled.jpg\",\"articleSection\":[\"Unsere Heimwerkertipps\"],\"inLanguage\":\"de\",\"potentialAction\":[{\"@type\":\"CommentAction\",\"name\":\"Comment\",\"target\":[\"https:\\\/\\\/www.vasalat.com\\\/de\\\/blog\\\/ordnung-in-der-werkstatt\\\/#respond\"]}]},{\"@type\":[\"WebPage\",\"FAQPage\"],\"@id\":\"https:\\\/\\\/www.vasalat.com\\\/de\\\/blog\\\/ordnung-in-der-werkstatt\\\/\",\"url\":\"https:\\\/\\\/www.vasalat.com\\\/de\\\/blog\\\/ordnung-in-der-werkstatt\\\/\",\"name\":\"Werkstatt organisieren: Tipps f\u00fcr Ordnung in der Werkstatt - vasalat\",\"isPartOf\":{\"@id\":\"https:\\\/\\\/www.vasalat.com\\\/#website\"},\"primaryImageOfPage\":{\"@id\":\"https:\\\/\\\/www.vasalat.com\\\/de\\\/blog\\\/ordnung-in-der-werkstatt\\\/#primaryimage\"},\"image\":{\"@id\":\"https:\\\/\\\/www.vasalat.com\\\/de\\\/blog\\\/ordnung-in-der-werkstatt\\\/#primaryimage\"},\"thumbnailUrl\":\"https:\\\/\\\/www.vasalat.com\\\/de\\\/wp-content\\\/uploads\\\/2021\\\/04\\\/IMG_1543-scaled.jpg\",\"datePublished\":\"2021-04-26T14:38:17+00:00\",\"dateModified\":\"2026-07-08T09:16:54+00:00\",\"description\":\"Werkstatt organisieren: Tipps und Tricks f\u00fcr Ordnung in der Werkstatt. Wir zeigen dir, wie du deine Werkstatt dauerhaft organisierst\",\"breadcrumb\":{\"@id\":\"https:\\\/\\\/www.vasalat.com\\\/de\\\/blog\\\/ordnung-in-der-werkstatt\\\/#breadcrumb\"},\"mainEntity\":[{\"@id\":\"https:\\\/\\\/www.vasalat.com\\\/de\\\/blog\\\/ordnung-in-der-werkstatt\\\/#faq-question-1783499947774\"},{\"@id\":\"https:\\\/\\\/www.vasalat.com\\\/de\\\/blog\\\/ordnung-in-der-werkstatt\\\/#faq-question-1783501012122\"},{\"@id\":\"https:\\\/\\\/www.vasalat.com\\\/de\\\/blog\\\/ordnung-in-der-werkstatt\\\/#faq-question-1783501015642\"},{\"@id\":\"https:\\\/\\\/www.vasalat.com\\\/de\\\/blog\\\/ordnung-in-der-werkstatt\\\/#faq-question-1783501016570\"},{\"@id\":\"https:\\\/\\\/www.vasalat.com\\\/de\\\/blog\\\/ordnung-in-der-werkstatt\\\/#faq-question-1783501017186\"}],\"inLanguage\":\"de\",\"potentialAction\":[{\"@type\":\"ReadAction\",\"target\":[\"https:\\\/\\\/www.vasalat.com\\\/de\\\/blog\\\/ordnung-in-der-werkstatt\\\/\"]}],\"author\":{\"@type\":\"Organization\",\"name\":\"vasalat.com - Profi-Produkte f\u00fcr das private Handwerk.\",\"url\":\"https:\\\/\\\/www.vasalat.com\\\/de\\\/unternehmen\\\/\"}},{\"@type\":\"ImageObject\",\"inLanguage\":\"de\",\"@id\":\"https:\\\/\\\/www.vasalat.com\\\/de\\\/blog\\\/ordnung-in-der-werkstatt\\\/#primaryimage\",\"url\":\"https:\\\/\\\/www.vasalat.com\\\/de\\\/wp-content\\\/uploads\\\/2021\\\/04\\\/IMG_1543-scaled.jpg\",\"contentUrl\":\"https:\\\/\\\/www.vasalat.com\\\/de\\\/wp-content\\\/uploads\\\/2021\\\/04\\\/IMG_1543-scaled.jpg\",\"width\":2560,\"height\":1707,\"caption\":\"Ordnung in der Werkstatt\"},{\"@type\":\"BreadcrumbList\",\"@id\":\"https:\\\/\\\/www.vasalat.com\\\/de\\\/blog\\\/ordnung-in-der-werkstatt\\\/#breadcrumb\",\"itemListElement\":[{\"@type\":\"ListItem\",\"position\":1,\"name\":\"Start\",\"item\":\"https:\\\/\\\/www.vasalat.com\\\/de\\\/\"},{\"@type\":\"ListItem\",\"position\":2,\"name\":\"Unsere Heimwerkertipps\",\"item\":\"https:\\\/\\\/www.vasalat.com\\\/de\\\/blog\\\/kategorie\\\/heimwerkertipps\\\/\"},{\"@type\":\"ListItem\",\"position\":3,\"name\":\"Werkstatt organisieren: Tipps f\u00fcr Ordnung in der Werkstatt\"}]},{\"@type\":\"WebSite\",\"@id\":\"https:\\\/\\\/www.vasalat.com\\\/#website\",\"url\":\"https:\\\/\\\/www.vasalat.com\\\/\",\"name\":\"vasalat.com - Profi-Produkte f\u00fcr das private Handwerk.\",\"description\":\"\",\"publisher\":{\"@id\":\"https:\\\/\\\/www.vasalat.com\\\/#organization\"},\"potentialAction\":[{\"@type\":\"SearchAction\",\"target\":{\"@type\":\"EntryPoint\",\"urlTemplate\":\"https:\\\/\\\/www.vasalat.com\\\/?s={search_term_string}\"},\"query-input\":{\"@type\":\"PropertyValueSpecification\",\"valueRequired\":true,\"valueName\":\"search_term_string\"}}],\"inLanguage\":\"de\"},{\"@type\":\"Organization\",\"@id\":\"https:\\\/\\\/www.vasalat.com\\\/#organization\",\"name\":\"Vasalat\",\"url\":\"https:\\\/\\\/www.vasalat.com\\\/\",\"logo\":{\"@type\":\"ImageObject\",\"inLanguage\":\"de\",\"@id\":\"https:\\\/\\\/www.vasalat.com\\\/#\\\/schema\\\/logo\\\/image\\\/\",\"url\":\"https:\\\/\\\/www.vasalat.com\\\/de\\\/wp-content\\\/uploads\\\/2025\\\/05\\\/vasalat-favicon.png\",\"contentUrl\":\"https:\\\/\\\/www.vasalat.com\\\/de\\\/wp-content\\\/uploads\\\/2025\\\/05\\\/vasalat-favicon.png\",\"width\":1080,\"height\":1080,\"caption\":\"Vasalat\"},\"image\":{\"@id\":\"https:\\\/\\\/www.vasalat.com\\\/#\\\/schema\\\/logo\\\/image\\\/\"},\"sameAs\":[\"https:\\\/\\\/www.facebook.com\\\/vasalat.gmbh\",\"https:\\\/\\\/at.pinterest.com\\\/vasalatgmbh\\\/_created\\\/\",\"https:\\\/\\\/www.instagram.com\\\/vasalat.gmbh\\\/\"]},{\"@type\":\"Person\",\"@id\":\"https:\\\/\\\/www.vasalat.com\\\/#\\\/schema\\\/person\\\/39b37cf945b9b95f960de3ff546f6bc3\",\"name\":\"Michaela Kr\u00f6pfl\",\"image\":{\"@type\":\"ImageObject\",\"inLanguage\":\"de\",\"@id\":\"https:\\\/\\\/secure.gravatar.com\\\/avatar\\\/d3c29a33322729b3a13992bbef72f4ff78b7a5ce06cfa21aee5b8ad6e2da021e?s=96&d=mm&r=g\",\"url\":\"https:\\\/\\\/secure.gravatar.com\\\/avatar\\\/d3c29a33322729b3a13992bbef72f4ff78b7a5ce06cfa21aee5b8ad6e2da021e?s=96&d=mm&r=g\",\"contentUrl\":\"https:\\\/\\\/secure.gravatar.com\\\/avatar\\\/d3c29a33322729b3a13992bbef72f4ff78b7a5ce06cfa21aee5b8ad6e2da021e?s=96&d=mm&r=g\",\"caption\":\"Michaela Kr\u00f6pfl\"}},{\"@type\":\"Question\",\"@id\":\"https:\\\/\\\/www.vasalat.com\\\/de\\\/blog\\\/ordnung-in-der-werkstatt\\\/#faq-question-1783499947774\",\"position\":1,\"url\":\"https:\\\/\\\/www.vasalat.com\\\/de\\\/blog\\\/ordnung-in-der-werkstatt\\\/#faq-question-1783499947774\",\"name\":\"Wie schafft man dauerhaft Ordnung in der Werkstatt?\",\"answerCount\":1,\"acceptedAnswer\":{\"@type\":\"Answer\",\"text\":\"Der wichtigste Schritt ist, jedem Werkzeug und jedem Material einen festen Platz zuzuweisen. Erg\u00e4nzend helfen regelm\u00e4\u00dfiges Ausmisten, beschriftete Aufbewahrungssysteme und eine kurze Aufr\u00e4umroutine nach jedem Projekt.\",\"inLanguage\":\"de\"},\"inLanguage\":\"de\"},{\"@type\":\"Question\",\"@id\":\"https:\\\/\\\/www.vasalat.com\\\/de\\\/blog\\\/ordnung-in-der-werkstatt\\\/#faq-question-1783501012122\",\"position\":2,\"url\":\"https:\\\/\\\/www.vasalat.com\\\/de\\\/blog\\\/ordnung-in-der-werkstatt\\\/#faq-question-1783501012122\",\"name\":\"Wie bewahrt man Schrauben am besten auf?\",\"answerCount\":1,\"acceptedAnswer\":{\"@type\":\"Answer\",\"text\":\"Schrauben, D\u00fcbel und Kleinteile lassen sich am \u00fcbersichtlichsten in beschrifteten Sichtlagerk\u00e4sten oder Sortimentsk\u00e4sten aufbewahren. Eine Sortierung nach Gr\u00f6\u00dfe und Typ spart Zeit bei jedem Projekt.\",\"inLanguage\":\"de\"},\"inLanguage\":\"de\"},{\"@type\":\"Question\",\"@id\":\"https:\\\/\\\/www.vasalat.com\\\/de\\\/blog\\\/ordnung-in-der-werkstatt\\\/#faq-question-1783501015642\",\"position\":3,\"url\":\"https:\\\/\\\/www.vasalat.com\\\/de\\\/blog\\\/ordnung-in-der-werkstatt\\\/#faq-question-1783501015642\",\"name\":\"Welche Regale eignen sich f\u00fcr eine Werkstatt?\",\"answerCount\":1,\"acceptedAnswer\":{\"@type\":\"Answer\",\"text\":\"Robuste Metallregale sind besonders belastbar und langlebig. Sie bieten ausreichend Platz f\u00fcr Maschinen, Werkzeugkoffer und Material. F\u00fcr Kleinteile eignen sich Regale mit integrierten Sichtlagerk\u00e4sten.\",\"inLanguage\":\"de\"},\"inLanguage\":\"de\"},{\"@type\":\"Question\",\"@id\":\"https:\\\/\\\/www.vasalat.com\\\/de\\\/blog\\\/ordnung-in-der-werkstatt\\\/#faq-question-1783501016570\",\"position\":4,\"url\":\"https:\\\/\\\/www.vasalat.com\\\/de\\\/blog\\\/ordnung-in-der-werkstatt\\\/#faq-question-1783501016570\",\"name\":\"Wie lagert man Elektrowerkzeuge am besten?\",\"answerCount\":1,\"acceptedAnswer\":{\"@type\":\"Answer\",\"text\":\"Elektrowerkzeuge sollten trocken und staubgesch\u00fctzt gelagert werden. Ladeger\u00e4te, Akkus und Zubeh\u00f6r bewahrst du am besten gemeinsam in beschrifteten Boxen oder Schubladen auf. H\u00e4ufig genutzte Ger\u00e4te k\u00f6nnen griffbereit an einer Werkzeugwand oder in speziellen Halterungen untergebracht werden.\",\"inLanguage\":\"de\"},\"inLanguage\":\"de\"},{\"@type\":\"Question\",\"@id\":\"https:\\\/\\\/www.vasalat.com\\\/de\\\/blog\\\/ordnung-in-der-werkstatt\\\/#faq-question-1783501017186\",\"position\":5,\"url\":\"https:\\\/\\\/www.vasalat.com\\\/de\\\/blog\\\/ordnung-in-der-werkstatt\\\/#faq-question-1783501017186\",\"name\":\"Welche Ordnungssysteme eignen sich f\u00fcr Heimwerker?\",\"answerCount\":1,\"acceptedAnswer\":{\"@type\":\"Answer\",\"text\":\"Bew\u00e4hrt haben sich Werkzeugw\u00e4nde, Lochplatten, Sichtlagerk\u00e4sten, Schubladenschr\u00e4nke und Regalsysteme. Welche L\u00f6sung am besten passt, h\u00e4ngt von der Gr\u00f6\u00dfe der Werkstatt und den verwendeten Werkzeugen ab.\",\"inLanguage\":\"de\"},\"inLanguage\":\"de\"}]}<\/script>\n<!-- \/ Yoast SEO plugin. -->","yoast_head_json":{"title":"Werkstatt organisieren: Tipps f\u00fcr Ordnung in der Werkstatt - vasalat","description":"Werkstatt organisieren: Tipps und Tricks f\u00fcr Ordnung in der Werkstatt. Wir zeigen dir, wie du deine Werkstatt dauerhaft organisierst","robots":{"index":"index","follow":"follow","max-snippet":"max-snippet:-1","max-image-preview":"max-image-preview:large","max-video-preview":"max-video-preview:-1"},"canonical":"https:\/\/www.vasalat.com\/de\/blog\/ordnung-in-der-werkstatt\/","og_locale":"de_DE","og_type":"article","og_title":"Werkstatt organisieren: Tipps f\u00fcr Ordnung in der Werkstatt - vasalat","og_description":"Werkstatt organisieren: Tipps und Tricks f\u00fcr Ordnung in der Werkstatt. Wir zeigen dir, wie du deine Werkstatt dauerhaft organisierst","og_url":"https:\/\/www.vasalat.com\/de\/blog\/ordnung-in-der-werkstatt\/","og_site_name":"vasalat","article_publisher":"https:\/\/www.facebook.com\/vasalat.gmbh","article_published_time":"2021-04-26T14:38:17+00:00","article_modified_time":"2026-07-08T09:16:54+00:00","og_image":[{"width":2560,"height":1707,"url":"https:\/\/www.vasalat.com\/de\/wp-content\/uploads\/2021\/04\/IMG_1543-scaled.jpg","type":"image\/jpeg"}],"author":"Michaela Kr\u00f6pfl","twitter_card":"summary_large_image","twitter_misc":{"Verfasst von":"Michaela Kr\u00f6pfl","Gesch\u00e4tzte Lesezeit":"9\u00a0Minuten"},"schema":{"@context":"https:\/\/schema.org","@graph":[{"@type":"Article","@id":"https:\/\/www.vasalat.com\/de\/blog\/ordnung-in-der-werkstatt\/#article","isPartOf":{"@id":"https:\/\/www.vasalat.com\/de\/blog\/ordnung-in-der-werkstatt\/"},"author":{"name":"Michaela Kr\u00f6pfl","@id":"https:\/\/www.vasalat.com\/#\/schema\/person\/39b37cf945b9b95f960de3ff546f6bc3"},"headline":"Werkstatt organisieren: Tipps f\u00fcr Ordnung in der Werkstatt","datePublished":"2021-04-26T14:38:17+00:00","dateModified":"2026-07-08T09:16:54+00:00","mainEntityOfPage":{"@id":"https:\/\/www.vasalat.com\/de\/blog\/ordnung-in-der-werkstatt\/"},"wordCount":1621,"commentCount":0,"publisher":{"@id":"https:\/\/www.vasalat.com\/#organization"},"image":{"@id":"https:\/\/www.vasalat.com\/de\/blog\/ordnung-in-der-werkstatt\/#primaryimage"},"thumbnailUrl":"https:\/\/www.vasalat.com\/de\/wp-content\/uploads\/2021\/04\/IMG_1543-scaled.jpg","articleSection":["Unsere Heimwerkertipps"],"inLanguage":"de","potentialAction":[{"@type":"CommentAction","name":"Comment","target":["https:\/\/www.vasalat.com\/de\/blog\/ordnung-in-der-werkstatt\/#respond"]}]},{"@type":["WebPage","FAQPage"],"@id":"https:\/\/www.vasalat.com\/de\/blog\/ordnung-in-der-werkstatt\/","url":"https:\/\/www.vasalat.com\/de\/blog\/ordnung-in-der-werkstatt\/","name":"Werkstatt organisieren: Tipps f\u00fcr Ordnung in der Werkstatt - vasalat","isPartOf":{"@id":"https:\/\/www.vasalat.com\/#website"},"primaryImageOfPage":{"@id":"https:\/\/www.vasalat.com\/de\/blog\/ordnung-in-der-werkstatt\/#primaryimage"},"image":{"@id":"https:\/\/www.vasalat.com\/de\/blog\/ordnung-in-der-werkstatt\/#primaryimage"},"thumbnailUrl":"https:\/\/www.vasalat.com\/de\/wp-content\/uploads\/2021\/04\/IMG_1543-scaled.jpg","datePublished":"2021-04-26T14:38:17+00:00","dateModified":"2026-07-08T09:16:54+00:00","description":"Werkstatt organisieren: Tipps und Tricks f\u00fcr Ordnung in der Werkstatt. Wir zeigen dir, wie du deine Werkstatt dauerhaft organisierst","breadcrumb":{"@id":"https:\/\/www.vasalat.com\/de\/blog\/ordnung-in-der-werkstatt\/#breadcrumb"},"mainEntity":[{"@id":"https:\/\/www.vasalat.com\/de\/blog\/ordnung-in-der-werkstatt\/#faq-question-1783499947774"},{"@id":"https:\/\/www.vasalat.com\/de\/blog\/ordnung-in-der-werkstatt\/#faq-question-1783501012122"},{"@id":"https:\/\/www.vasalat.com\/de\/blog\/ordnung-in-der-werkstatt\/#faq-question-1783501015642"},{"@id":"https:\/\/www.vasalat.com\/de\/blog\/ordnung-in-der-werkstatt\/#faq-question-1783501016570"},{"@id":"https:\/\/www.vasalat.com\/de\/blog\/ordnung-in-der-werkstatt\/#faq-question-1783501017186"}],"inLanguage":"de","potentialAction":[{"@type":"ReadAction","target":["https:\/\/www.vasalat.com\/de\/blog\/ordnung-in-der-werkstatt\/"]}],"author":{"@type":"Organization","name":"vasalat.com - Profi-Produkte f\u00fcr das private Handwerk.","url":"https:\/\/www.vasalat.com\/de\/unternehmen\/"}},{"@type":"ImageObject","inLanguage":"de","@id":"https:\/\/www.vasalat.com\/de\/blog\/ordnung-in-der-werkstatt\/#primaryimage","url":"https:\/\/www.vasalat.com\/de\/wp-content\/uploads\/2021\/04\/IMG_1543-scaled.jpg","contentUrl":"https:\/\/www.vasalat.com\/de\/wp-content\/uploads\/2021\/04\/IMG_1543-scaled.jpg","width":2560,"height":1707,"caption":"Ordnung in der Werkstatt"},{"@type":"BreadcrumbList","@id":"https:\/\/www.vasalat.com\/de\/blog\/ordnung-in-der-werkstatt\/#breadcrumb","itemListElement":[{"@type":"ListItem","position":1,"name":"Start","item":"https:\/\/www.vasalat.com\/de\/"},{"@type":"ListItem","position":2,"name":"Unsere Heimwerkertipps","item":"https:\/\/www.vasalat.com\/de\/blog\/kategorie\/heimwerkertipps\/"},{"@type":"ListItem","position":3,"name":"Werkstatt organisieren: Tipps f\u00fcr Ordnung in der Werkstatt"}]},{"@type":"WebSite","@id":"https:\/\/www.vasalat.com\/#website","url":"https:\/\/www.vasalat.com\/","name":"vasalat.com - Profi-Produkte f\u00fcr das private Handwerk.","description":"","publisher":{"@id":"https:\/\/www.vasalat.com\/#organization"},"potentialAction":[{"@type":"SearchAction","target":{"@type":"EntryPoint","urlTemplate":"https:\/\/www.vasalat.com\/?s={search_term_string}"},"query-input":{"@type":"PropertyValueSpecification","valueRequired":true,"valueName":"search_term_string"}}],"inLanguage":"de"},{"@type":"Organization","@id":"https:\/\/www.vasalat.com\/#organization","name":"Vasalat","url":"https:\/\/www.vasalat.com\/","logo":{"@type":"ImageObject","inLanguage":"de","@id":"https:\/\/www.vasalat.com\/#\/schema\/logo\/image\/","url":"https:\/\/www.vasalat.com\/de\/wp-content\/uploads\/2025\/05\/vasalat-favicon.png","contentUrl":"https:\/\/www.vasalat.com\/de\/wp-content\/uploads\/2025\/05\/vasalat-favicon.png","width":1080,"height":1080,"caption":"Vasalat"},"image":{"@id":"https:\/\/www.vasalat.com\/#\/schema\/logo\/image\/"},"sameAs":["https:\/\/www.facebook.com\/vasalat.gmbh","https:\/\/at.pinterest.com\/vasalatgmbh\/_created\/","https:\/\/www.instagram.com\/vasalat.gmbh\/"]},{"@type":"Person","@id":"https:\/\/www.vasalat.com\/#\/schema\/person\/39b37cf945b9b95f960de3ff546f6bc3","name":"Michaela Kr\u00f6pfl","image":{"@type":"ImageObject","inLanguage":"de","@id":"https:\/\/secure.gravatar.com\/avatar\/d3c29a33322729b3a13992bbef72f4ff78b7a5ce06cfa21aee5b8ad6e2da021e?s=96&d=mm&r=g","url":"https:\/\/secure.gravatar.com\/avatar\/d3c29a33322729b3a13992bbef72f4ff78b7a5ce06cfa21aee5b8ad6e2da021e?s=96&d=mm&r=g","contentUrl":"https:\/\/secure.gravatar.com\/avatar\/d3c29a33322729b3a13992bbef72f4ff78b7a5ce06cfa21aee5b8ad6e2da021e?s=96&d=mm&r=g","caption":"Michaela Kr\u00f6pfl"}},{"@type":"Question","@id":"https:\/\/www.vasalat.com\/de\/blog\/ordnung-in-der-werkstatt\/#faq-question-1783499947774","position":1,"url":"https:\/\/www.vasalat.com\/de\/blog\/ordnung-in-der-werkstatt\/#faq-question-1783499947774","name":"Wie schafft man dauerhaft Ordnung in der Werkstatt?","answerCount":1,"acceptedAnswer":{"@type":"Answer","text":"Der wichtigste Schritt ist, jedem Werkzeug und jedem Material einen festen Platz zuzuweisen. Erg\u00e4nzend helfen regelm\u00e4\u00dfiges Ausmisten, beschriftete Aufbewahrungssysteme und eine kurze Aufr\u00e4umroutine nach jedem Projekt.","inLanguage":"de"},"inLanguage":"de"},{"@type":"Question","@id":"https:\/\/www.vasalat.com\/de\/blog\/ordnung-in-der-werkstatt\/#faq-question-1783501012122","position":2,"url":"https:\/\/www.vasalat.com\/de\/blog\/ordnung-in-der-werkstatt\/#faq-question-1783501012122","name":"Wie bewahrt man Schrauben am besten auf?","answerCount":1,"acceptedAnswer":{"@type":"Answer","text":"Schrauben, D\u00fcbel und Kleinteile lassen sich am \u00fcbersichtlichsten in beschrifteten Sichtlagerk\u00e4sten oder Sortimentsk\u00e4sten aufbewahren. Eine Sortierung nach Gr\u00f6\u00dfe und Typ spart Zeit bei jedem Projekt.","inLanguage":"de"},"inLanguage":"de"},{"@type":"Question","@id":"https:\/\/www.vasalat.com\/de\/blog\/ordnung-in-der-werkstatt\/#faq-question-1783501015642","position":3,"url":"https:\/\/www.vasalat.com\/de\/blog\/ordnung-in-der-werkstatt\/#faq-question-1783501015642","name":"Welche Regale eignen sich f\u00fcr eine Werkstatt?","answerCount":1,"acceptedAnswer":{"@type":"Answer","text":"Robuste Metallregale sind besonders belastbar und langlebig. Sie bieten ausreichend Platz f\u00fcr Maschinen, Werkzeugkoffer und Material. F\u00fcr Kleinteile eignen sich Regale mit integrierten Sichtlagerk\u00e4sten.","inLanguage":"de"},"inLanguage":"de"},{"@type":"Question","@id":"https:\/\/www.vasalat.com\/de\/blog\/ordnung-in-der-werkstatt\/#faq-question-1783501016570","position":4,"url":"https:\/\/www.vasalat.com\/de\/blog\/ordnung-in-der-werkstatt\/#faq-question-1783501016570","name":"Wie lagert man Elektrowerkzeuge am besten?","answerCount":1,"acceptedAnswer":{"@type":"Answer","text":"Elektrowerkzeuge sollten trocken und staubgesch\u00fctzt gelagert werden. Ladeger\u00e4te, Akkus und Zubeh\u00f6r bewahrst du am besten gemeinsam in beschrifteten Boxen oder Schubladen auf. H\u00e4ufig genutzte Ger\u00e4te k\u00f6nnen griffbereit an einer Werkzeugwand oder in speziellen Halterungen untergebracht werden.","inLanguage":"de"},"inLanguage":"de"},{"@type":"Question","@id":"https:\/\/www.vasalat.com\/de\/blog\/ordnung-in-der-werkstatt\/#faq-question-1783501017186","position":5,"url":"https:\/\/www.vasalat.com\/de\/blog\/ordnung-in-der-werkstatt\/#faq-question-1783501017186","name":"Welche Ordnungssysteme eignen sich f\u00fcr Heimwerker?","answerCount":1,"acceptedAnswer":{"@type":"Answer","text":"Bew\u00e4hrt haben sich Werkzeugw\u00e4nde, Lochplatten, Sichtlagerk\u00e4sten, Schubladenschr\u00e4nke und Regalsysteme. Welche L\u00f6sung am besten passt, h\u00e4ngt von der Gr\u00f6\u00dfe der Werkstatt und den verwendeten Werkzeugen ab.","inLanguage":"de"},"inLanguage":"de"}]}},"_links":{"self":[{"href":"https:\/\/www.vasalat.com\/de\/wp-json\/wp\/v2\/posts\/2272","targetHints":{"allow":["GET"]}}],"collection":[{"href":"https:\/\/www.vasalat.com\/de\/wp-json\/wp\/v2\/posts"}],"about":[{"href":"https:\/\/www.vasalat.com\/de\/wp-json\/wp\/v2\/types\/post"}],"author":[{"embeddable":true,"href":"https:\/\/www.vasalat.com\/de\/wp-json\/wp\/v2\/users\/3"}],"replies":[{"embeddable":true,"href":"https:\/\/www.vasalat.com\/de\/wp-json\/wp\/v2\/comments?post=2272"}],"version-history":[{"count":9,"href":"https:\/\/www.vasalat.com\/de\/wp-json\/wp\/v2\/posts\/2272\/revisions"}],"predecessor-version":[{"id":598872,"href":"https:\/\/www.vasalat.com\/de\/wp-json\/wp\/v2\/posts\/2272\/revisions\/598872"}],"wp:featuredmedia":[{"embeddable":true,"href":"https:\/\/www.vasalat.com\/de\/wp-json\/wp\/v2\/media\/3013"}],"wp:attachment":[{"href":"https:\/\/www.vasalat.com\/de\/wp-json\/wp\/v2\/media?parent=2272"}],"wp:term":[{"taxonomy":"category","embeddable":true,"href":"https:\/\/www.vasalat.com\/de\/wp-json\/wp\/v2\/categories?post=2272"},{"taxonomy":"post_tag","embeddable":true,"href":"https:\/\/www.vasalat.com\/de\/wp-json\/wp\/v2\/tags?post=2272"}],"curies":[{"name":"wp","href":"https:\/\/api.w.org\/{rel}","templated":true}]}}